{"id":45431,"date":"2023-09-07T22:10:24","date_gmt":"2023-09-07T20:10:24","guid":{"rendered":"https:\/\/cvestavayer.ch\/fr\/?p=45431"},"modified":"2023-09-07T22:11:00","modified_gmt":"2023-09-07T20:11:00","slug":"coupe-des-3-lacs-3","status":"publish","type":"post","link":"https:\/\/cvestavayer.ch\/fr\/non-classe\/coupe-des-3-lacs-3\/","title":{"rendered":"Coupe des 3 lacs"},"content":{"rendered":"\n<div class=\"wp-block-media-text is-stacked-on-mobile\" style=\"grid-template-columns:19% auto\"><figure class=\"wp-block-media-text__media\"><img loading=\"lazy\" decoding=\"async\" width=\"361\" height=\"675\" src=\"https:\/\/cvestavayer.ch\/wp-content\/uploads\/2023\/09\/Miniature-c3l.jpg\" alt=\"\" class=\"wp-image-45433 size-full\" srcset=\"https:\/\/cvestavayer.ch\/wp-content\/uploads\/2023\/09\/Miniature-c3l.jpg 361w, https:\/\/cvestavayer.ch\/wp-content\/uploads\/2023\/09\/Miniature-c3l-160x300.jpg 160w\" sizes=\"auto, (max-width: 361px) 100vw, 361px\" \/><\/figure><div class=\"wp-block-media-text__content\">\n<p>Pr\u00e8s de 50 jeunes navigatrices et navigateurs ont particip\u00e9 \u00e0 la Coupe des 3 Lacs organis\u00e9e les 2 et 3 septembre par le CVE. <\/p>\n\n\n\n<p>Des Optimists, plusieurs Lasers et \u00e9galement 3 RS Feva \u00e9taient sur la ligne de d\u00e9part. 6 manches ont pu \u00eatre courrues sous le soleil, dans dans conditions plut\u00f4t l\u00e9g\u00e8res.  <\/p>\n\n\n\n<p>Un merci tout particulier \u00e0 nos pr\u00e9cieux b\u00e9n\u00e9voles!<\/p>\n\n\n\n<div class=\"wp-block-buttons is-layout-flex wp-block-buttons-is-layout-flex\">\n<div class=\"wp-block-button\"><a class=\"wp-block-button__link wp-element-button\" href=\"https:\/\/www.manage2sail.com\/fr-CH\/event\/9597cddb-7a2c-4cdd-96b5-000b7a17a46d#!\/results?classId=b16358a8-c6f9-4c36-bcd1-eabd2c4729ef\" target=\"_blank\" rel=\"noreferrer noopener\">R\u00e9sultats<\/a><\/div>\n\n\n\n<div class=\"wp-block-button\"><a class=\"wp-block-button__link wp-element-button\" href=\"https:\/\/cvestavayer.ch\/fr\/galerie\/c3l-2023\">Photos<\/a><\/div>\n<\/div>\n<\/div><\/div>\n\n\n\n<div class=\"wp-block-buttons is-layout-flex wp-block-buttons-is-layout-flex\"><\/div>\n","protected":false},"excerpt":{"rendered":"","protected":false},"author":1,"featured_media":0,"comment_status":"closed","ping_status":"closed","sticky":false,"template":"","format":"standard","meta":{"_monsterinsights_skip_tracking":false,"_monsterinsights_sitenote_active":false,"_monsterinsights_sitenote_note":"","_monsterinsights_sitenote_category":0,"_EventAllDay":false,"_EventTimezone":"","_EventStartDate":"","_EventEndDate":"","_EventStartDateUTC":"","_EventEndDateUTC":"","_EventShowMap":false,"_EventShowMapLink":false,"_EventURL":"","_EventCost":"","_EventCostDescription":"","_EventCurrencySymbol":"","_EventCurrencyCode":"","_EventCurrencyPosition":"","_EventDateTimeSeparator":"","_EventTimeRangeSeparator":"","_EventOrganizerID":[],"_EventVenueID":[],"_OrganizerEmail":"","_OrganizerPhone":"","_OrganizerWebsite":"","_VenueAddress":"","_VenueCity":"","_VenueCountry":"","_VenueProvince":"","_VenueState":"","_VenueZip":"","_VenuePhone":"","_VenueURL":"","_VenueStateProvince":"","_VenueLat":"","_VenueLng":"","_VenueShowMap":false,"_VenueShowMapLink":false,"footnotes":""},"categories":[1],"tags":[],"class_list":["post-45431","post","type-post","status-publish","format-standard","hentry","category-non-classe"],"yoast_head":"<!-- This site is optimized with the Yoast SEO plugin v27.4 - https:\/\/yoast.com\/product\/yoast-seo-wordpress\/ -->\n<title>Coupe des 3 lacs - Cercle de la Voile d&#039;Estavayer<\/title>\n<meta name=\"robots\" content=\"index, follow, max-snippet:-1, max-image-preview:large, max-video-preview:-1\" \/>\n<link rel=\"canonical\" href=\"https:\/\/cvestavayer.ch\/fr\/non-classe\/coupe-des-3-lacs-3\/\" \/>\n<meta property=\"og:locale\" content=\"fr_FR\" \/>\n<meta property=\"og:type\" content=\"article\" \/>\n<meta property=\"og:title\" content=\"Coupe des 3 lacs - Cercle de la Voile d&#039;Estavayer\" \/>\n<meta property=\"og:url\" content=\"https:\/\/cvestavayer.ch\/fr\/non-classe\/coupe-des-3-lacs-3\/\" \/>\n<meta property=\"og:site_name\" content=\"Cercle de la Voile d&#039;Estavayer\" \/>\n<meta property=\"article:published_time\" content=\"2023-09-07T20:10:24+00:00\" \/>\n<meta property=\"article:modified_time\" content=\"2023-09-07T20:11:00+00:00\" \/>\n<meta property=\"og:image\" content=\"https:\/\/cvestavayer.ch\/wp-content\/uploads\/2023\/09\/Miniature-c3l.jpg\" \/>\n<meta name=\"author\" content=\"webmaster\" \/>\n<meta name=\"twitter:card\" content=\"summary_large_image\" \/>\n<meta name=\"twitter:label1\" content=\"\u00c9crit par\" \/>\n\t<meta name=\"twitter:data1\" content=\"webmaster\" \/>\n\t<meta name=\"twitter:label2\" content=\"Dur\u00e9e de lecture estim\u00e9e\" \/>\n\t<meta name=\"twitter:data2\" content=\"1 minute\" \/>\n<script type=\"application\/ld+json\" class=\"yoast-schema-graph\">{\"@context\":\"https:\\\/\\\/schema.org\",\"@graph\":[{\"@type\":\"Article\",\"@id\":\"https:\\\/\\\/cvestavayer.ch\\\/fr\\\/non-classe\\\/coupe-des-3-lacs-3\\\/#article\",\"isPartOf\":{\"@id\":\"https:\\\/\\\/cvestavayer.ch\\\/fr\\\/non-classe\\\/coupe-des-3-lacs-3\\\/\"},\"author\":{\"name\":\"webmaster\",\"@id\":\"https:\\\/\\\/cvestavayer.ch\\\/fr\\\/#\\\/schema\\\/person\\\/0fbe121053d8cbd979586da27427330f\"},\"headline\":\"Coupe des 3 lacs\",\"datePublished\":\"2023-09-07T20:10:24+00:00\",\"dateModified\":\"2023-09-07T20:11:00+00:00\",\"mainEntityOfPage\":{\"@id\":\"https:\\\/\\\/cvestavayer.ch\\\/fr\\\/non-classe\\\/coupe-des-3-lacs-3\\\/\"},\"wordCount\":68,\"image\":{\"@id\":\"https:\\\/\\\/cvestavayer.ch\\\/fr\\\/non-classe\\\/coupe-des-3-lacs-3\\\/#primaryimage\"},\"thumbnailUrl\":\"https:\\\/\\\/cvestavayer.ch\\\/wp-content\\\/uploads\\\/2023\\\/09\\\/Miniature-c3l.jpg\",\"inLanguage\":\"fr-FR\"},{\"@type\":\"WebPage\",\"@id\":\"https:\\\/\\\/cvestavayer.ch\\\/fr\\\/non-classe\\\/coupe-des-3-lacs-3\\\/\",\"url\":\"https:\\\/\\\/cvestavayer.ch\\\/fr\\\/non-classe\\\/coupe-des-3-lacs-3\\\/\",\"name\":\"Coupe des 3 lacs - Cercle de la Voile d&#039;Estavayer\",\"isPartOf\":{\"@id\":\"https:\\\/\\\/cvestavayer.ch\\\/fr\\\/#website\"},\"primaryImageOfPage\":{\"@id\":\"https:\\\/\\\/cvestavayer.ch\\\/fr\\\/non-classe\\\/coupe-des-3-lacs-3\\\/#primaryimage\"},\"image\":{\"@id\":\"https:\\\/\\\/cvestavayer.ch\\\/fr\\\/non-classe\\\/coupe-des-3-lacs-3\\\/#primaryimage\"},\"thumbnailUrl\":\"https:\\\/\\\/cvestavayer.ch\\\/wp-content\\\/uploads\\\/2023\\\/09\\\/Miniature-c3l.jpg\",\"datePublished\":\"2023-09-07T20:10:24+00:00\",\"dateModified\":\"2023-09-07T20:11:00+00:00\",\"author\":{\"@id\":\"https:\\\/\\\/cvestavayer.ch\\\/fr\\\/#\\\/schema\\\/person\\\/0fbe121053d8cbd979586da27427330f\"},\"breadcrumb\":{\"@id\":\"https:\\\/\\\/cvestavayer.ch\\\/fr\\\/non-classe\\\/coupe-des-3-lacs-3\\\/#breadcrumb\"},\"inLanguage\":\"fr-FR\",\"potentialAction\":[{\"@type\":\"ReadAction\",\"target\":[\"https:\\\/\\\/cvestavayer.ch\\\/fr\\\/non-classe\\\/coupe-des-3-lacs-3\\\/\"]}]},{\"@type\":\"ImageObject\",\"inLanguage\":\"fr-FR\",\"@id\":\"https:\\\/\\\/cvestavayer.ch\\\/fr\\\/non-classe\\\/coupe-des-3-lacs-3\\\/#primaryimage\",\"url\":\"https:\\\/\\\/cvestavayer.ch\\\/wp-content\\\/uploads\\\/2023\\\/09\\\/Miniature-c3l.jpg\",\"contentUrl\":\"https:\\\/\\\/cvestavayer.ch\\\/wp-content\\\/uploads\\\/2023\\\/09\\\/Miniature-c3l.jpg\"},{\"@type\":\"BreadcrumbList\",\"@id\":\"https:\\\/\\\/cvestavayer.ch\\\/fr\\\/non-classe\\\/coupe-des-3-lacs-3\\\/#breadcrumb\",\"itemListElement\":[{\"@type\":\"ListItem\",\"position\":1,\"name\":\"Accueil\",\"item\":\"https:\\\/\\\/cvestavayer.ch\\\/fr\\\/\"},{\"@type\":\"ListItem\",\"position\":2,\"name\":\"Coupe des 3 lacs\"}]},{\"@type\":\"WebSite\",\"@id\":\"https:\\\/\\\/cvestavayer.ch\\\/fr\\\/#website\",\"url\":\"https:\\\/\\\/cvestavayer.ch\\\/fr\\\/\",\"name\":\"Cercle de la Voile d&#039;Estavayer\",\"description\":\"\",\"potentialAction\":[{\"@type\":\"SearchAction\",\"target\":{\"@type\":\"EntryPoint\",\"urlTemplate\":\"https:\\\/\\\/cvestavayer.ch\\\/fr\\\/?s={search_term_string}\"},\"query-input\":{\"@type\":\"PropertyValueSpecification\",\"valueRequired\":true,\"valueName\":\"search_term_string\"}}],\"inLanguage\":\"fr-FR\"},{\"@type\":\"Person\",\"@id\":\"https:\\\/\\\/cvestavayer.ch\\\/fr\\\/#\\\/schema\\\/person\\\/0fbe121053d8cbd979586da27427330f\",\"name\":\"webmaster\",\"image\":{\"@type\":\"ImageObject\",\"inLanguage\":\"fr-FR\",\"@id\":\"https:\\\/\\\/secure.gravatar.com\\\/avatar\\\/d8ae7927bf2e3bf19830e0b07caaaed87eb0fe36dfbf593e39e34e846957107a?s=96&d=mm&r=g\",\"url\":\"https:\\\/\\\/secure.gravatar.com\\\/avatar\\\/d8ae7927bf2e3bf19830e0b07caaaed87eb0fe36dfbf593e39e34e846957107a?s=96&d=mm&r=g\",\"contentUrl\":\"https:\\\/\\\/secure.gravatar.com\\\/avatar\\\/d8ae7927bf2e3bf19830e0b07caaaed87eb0fe36dfbf593e39e34e846957107a?s=96&d=mm&r=g\",\"caption\":\"webmaster\"},\"url\":\"https:\\\/\\\/cvestavayer.ch\\\/fr\\\/author\\\/dmcve_20\\\/\"}]}<\/script>\n<!-- \/ Yoast SEO plugin. -->","yoast_head_json":{"title":"Coupe des 3 lacs - Cercle de la Voile d&#039;Estavayer","robots":{"index":"index","follow":"follow","max-snippet":"max-snippet:-1","max-image-preview":"max-image-preview:large","max-video-preview":"max-video-preview:-1"},"canonical":"https:\/\/cvestavayer.ch\/fr\/non-classe\/coupe-des-3-lacs-3\/","og_locale":"fr_FR","og_type":"article","og_title":"Coupe des 3 lacs - Cercle de la Voile d&#039;Estavayer","og_url":"https:\/\/cvestavayer.ch\/fr\/non-classe\/coupe-des-3-lacs-3\/","og_site_name":"Cercle de la Voile d&#039;Estavayer","article_published_time":"2023-09-07T20:10:24+00:00","article_modified_time":"2023-09-07T20:11:00+00:00","og_image":[{"url":"https:\/\/cvestavayer.ch\/wp-content\/uploads\/2023\/09\/Miniature-c3l.jpg","type":"","width":"","height":""}],"author":"webmaster","twitter_card":"summary_large_image","twitter_misc":{"\u00c9crit par":"webmaster","Dur\u00e9e de lecture estim\u00e9e":"1 minute"},"schema":{"@context":"https:\/\/schema.org","@graph":[{"@type":"Article","@id":"https:\/\/cvestavayer.ch\/fr\/non-classe\/coupe-des-3-lacs-3\/#article","isPartOf":{"@id":"https:\/\/cvestavayer.ch\/fr\/non-classe\/coupe-des-3-lacs-3\/"},"author":{"name":"webmaster","@id":"https:\/\/cvestavayer.ch\/fr\/#\/schema\/person\/0fbe121053d8cbd979586da27427330f"},"headline":"Coupe des 3 lacs","datePublished":"2023-09-07T20:10:24+00:00","dateModified":"2023-09-07T20:11:00+00:00","mainEntityOfPage":{"@id":"https:\/\/cvestavayer.ch\/fr\/non-classe\/coupe-des-3-lacs-3\/"},"wordCount":68,"image":{"@id":"https:\/\/cvestavayer.ch\/fr\/non-classe\/coupe-des-3-lacs-3\/#primaryimage"},"thumbnailUrl":"https:\/\/cvestavayer.ch\/wp-content\/uploads\/2023\/09\/Miniature-c3l.jpg","inLanguage":"fr-FR"},{"@type":"WebPage","@id":"https:\/\/cvestavayer.ch\/fr\/non-classe\/coupe-des-3-lacs-3\/","url":"https:\/\/cvestavayer.ch\/fr\/non-classe\/coupe-des-3-lacs-3\/","name":"Coupe des 3 lacs - Cercle de la Voile d&#039;Estavayer","isPartOf":{"@id":"https:\/\/cvestavayer.ch\/fr\/#website"},"primaryImageOfPage":{"@id":"https:\/\/cvestavayer.ch\/fr\/non-classe\/coupe-des-3-lacs-3\/#primaryimage"},"image":{"@id":"https:\/\/cvestavayer.ch\/fr\/non-classe\/coupe-des-3-lacs-3\/#primaryimage"},"thumbnailUrl":"https:\/\/cvestavayer.ch\/wp-content\/uploads\/2023\/09\/Miniature-c3l.jpg","datePublished":"2023-09-07T20:10:24+00:00","dateModified":"2023-09-07T20:11:00+00:00","author":{"@id":"https:\/\/cvestavayer.ch\/fr\/#\/schema\/person\/0fbe121053d8cbd979586da27427330f"},"breadcrumb":{"@id":"https:\/\/cvestavayer.ch\/fr\/non-classe\/coupe-des-3-lacs-3\/#breadcrumb"},"inLanguage":"fr-FR","potentialAction":[{"@type":"ReadAction","target":["https:\/\/cvestavayer.ch\/fr\/non-classe\/coupe-des-3-lacs-3\/"]}]},{"@type":"ImageObject","inLanguage":"fr-FR","@id":"https:\/\/cvestavayer.ch\/fr\/non-classe\/coupe-des-3-lacs-3\/#primaryimage","url":"https:\/\/cvestavayer.ch\/wp-content\/uploads\/2023\/09\/Miniature-c3l.jpg","contentUrl":"https:\/\/cvestavayer.ch\/wp-content\/uploads\/2023\/09\/Miniature-c3l.jpg"},{"@type":"BreadcrumbList","@id":"https:\/\/cvestavayer.ch\/fr\/non-classe\/coupe-des-3-lacs-3\/#breadcrumb","itemListElement":[{"@type":"ListItem","position":1,"name":"Accueil","item":"https:\/\/cvestavayer.ch\/fr\/"},{"@type":"ListItem","position":2,"name":"Coupe des 3 lacs"}]},{"@type":"WebSite","@id":"https:\/\/cvestavayer.ch\/fr\/#website","url":"https:\/\/cvestavayer.ch\/fr\/","name":"Cercle de la Voile d&#039;Estavayer","description":"","potentialAction":[{"@type":"SearchAction","target":{"@type":"EntryPoint","urlTemplate":"https:\/\/cvestavayer.ch\/fr\/?s={search_term_string}"},"query-input":{"@type":"PropertyValueSpecification","valueRequired":true,"valueName":"search_term_string"}}],"inLanguage":"fr-FR"},{"@type":"Person","@id":"https:\/\/cvestavayer.ch\/fr\/#\/schema\/person\/0fbe121053d8cbd979586da27427330f","name":"webmaster","image":{"@type":"ImageObject","inLanguage":"fr-FR","@id":"https:\/\/secure.gravatar.com\/avatar\/d8ae7927bf2e3bf19830e0b07caaaed87eb0fe36dfbf593e39e34e846957107a?s=96&d=mm&r=g","url":"https:\/\/secure.gravatar.com\/avatar\/d8ae7927bf2e3bf19830e0b07caaaed87eb0fe36dfbf593e39e34e846957107a?s=96&d=mm&r=g","contentUrl":"https:\/\/secure.gravatar.com\/avatar\/d8ae7927bf2e3bf19830e0b07caaaed87eb0fe36dfbf593e39e34e846957107a?s=96&d=mm&r=g","caption":"webmaster"},"url":"https:\/\/cvestavayer.ch\/fr\/author\/dmcve_20\/"}]}},"_links":{"self":[{"href":"https:\/\/cvestavayer.ch\/fr\/wp-json\/wp\/v2\/posts\/45431","targetHints":{"allow":["GET"]}}],"collection":[{"href":"https:\/\/cvestavayer.ch\/fr\/wp-json\/wp\/v2\/posts"}],"about":[{"href":"https:\/\/cvestavayer.ch\/fr\/wp-json\/wp\/v2\/types\/post"}],"author":[{"embeddable":true,"href":"https:\/\/cvestavayer.ch\/fr\/wp-json\/wp\/v2\/users\/1"}],"replies":[{"embeddable":true,"href":"https:\/\/cvestavayer.ch\/fr\/wp-json\/wp\/v2\/comments?post=45431"}],"version-history":[{"count":6,"href":"https:\/\/cvestavayer.ch\/fr\/wp-json\/wp\/v2\/posts\/45431\/revisions"}],"predecessor-version":[{"id":45439,"href":"https:\/\/cvestavayer.ch\/fr\/wp-json\/wp\/v2\/posts\/45431\/revisions\/45439"}],"wp:attachment":[{"href":"https:\/\/cvestavayer.ch\/fr\/wp-json\/wp\/v2\/media?parent=45431"}],"wp:term":[{"taxonomy":"category","embeddable":true,"href":"https:\/\/cvestavayer.ch\/fr\/wp-json\/wp\/v2\/categories?post=45431"},{"taxonomy":"post_tag","embeddable":true,"href":"https:\/\/cvestavayer.ch\/fr\/wp-json\/wp\/v2\/tags?post=45431"}],"curies":[{"name":"wp","href":"https:\/\/api.w.org\/{rel}","templated":true}]}}