{"id":47145,"date":"2026-08-31T21:45:15","date_gmt":"2026-08-31T19:45:15","guid":{"rendered":"https:\/\/cvestavayer.ch\/fr\/?p=47145"},"modified":"2026-09-01T07:16:13","modified_gmt":"2026-09-01T05:16:13","slug":"championnat-suisse-de-j-70-2026","status":"publish","type":"post","link":"https:\/\/cvestavayer.ch\/fr\/non-classe\/championnat-suisse-de-j-70-2026\/","title":{"rendered":"Championnat Suisse de J\/70 2026"},"content":{"rendered":"\n<figure class=\"wp-block-image size-large\"><img loading=\"lazy\" decoding=\"async\" width=\"1024\" height=\"683\" src=\"https:\/\/cvestavayer.ch\/wp-content\/uploads\/2026\/08\/CSJ70-off-019-3-1024x683.jpg\" alt=\"\" class=\"wp-image-47153\" srcset=\"https:\/\/cvestavayer.ch\/wp-content\/uploads\/2026\/08\/CSJ70-off-019-3-1024x683.jpg 1024w, https:\/\/cvestavayer.ch\/wp-content\/uploads\/2026\/08\/CSJ70-off-019-3-300x200.jpg 300w, https:\/\/cvestavayer.ch\/wp-content\/uploads\/2026\/08\/CSJ70-off-019-3-768x512.jpg 768w, https:\/\/cvestavayer.ch\/wp-content\/uploads\/2026\/08\/CSJ70-off-019-3-390x261.jpg 390w, https:\/\/cvestavayer.ch\/wp-content\/uploads\/2026\/08\/CSJ70-off-019-3.jpg 1200w\" sizes=\"auto, (max-width: 1024px) 100vw, 1024px\" \/><\/figure>\n\n\n\n<p class=\"wp-block-paragraph\">Trois jours de comp\u00e9tition intenses sur le lac de Neuch\u00e2tel pour cette \u00e9dition 2026 du Championnat Suisse de J\/70 !<\/p>\n\n\n\n<p class=\"wp-block-paragraph\">Apr\u00e8s une premi\u00e8re journ\u00e9e consacr\u00e9e aux contr\u00f4les de jauge des bateaux, les choses s\u00e9rieuses ont d\u00e9but\u00e9 le vendredi. Malgr\u00e9 une matin\u00e9e pluvieuse, le vent s&rsquo;est install\u00e9 l&rsquo;apr\u00e8s-midi, permettant de disputer 4 belles manches dans d&rsquo;excellentes conditions.<\/p>\n\n\n\n<p class=\"wp-block-paragraph\">Le samedi a sans doute offert les plus beaux moments du championnat, avec un vent soutenu permettant aux \u00e9quipages de r\u00e9aliser de magnifiques surfs sous spi d\u00e8s la premi\u00e8re manche. L\u00e0 encore, 4 manches ont \u00e9t\u00e9 courues dans des conditions id\u00e9ales.<\/p>\n\n\n\n<p class=\"wp-block-paragraph\">Le dimanche, pour cette derni\u00e8re journ\u00e9e, le vent s&rsquo;est montr\u00e9 plus discret, mais 3 manches suppl\u00e9mentaires ont pu \u00eatre valid\u00e9es, concluant ainsi un championnat complet et disput\u00e9 jusqu&rsquo;au bout.<\/p>\n\n\n\n<p class=\"wp-block-paragraph\">Le classement final suivant le lien suivant : <a href=\"https:\/\/www.manage2sail.com\/fr\/event\/J702026#!\/results?classId=6c70b8ef-e1b7-4eb1-ba38-0f9def7ceafd\">Classements<\/a><\/p>\n\n\n\n<p class=\"wp-block-paragraph\">Un grand merci aux concurrents, aux b\u00e9n\u00e9voles, au comit\u00e9 de course et \u00e0 tous les partenaires qui ont contribu\u00e9 au succ\u00e8s de cet \u00e9v\u00e9nement.<\/p>\n\n\n\n<p class=\"wp-block-paragraph\">\ud83d\udcf8 Retrouvez dans cet album quelques-uns des plus beaux moments de ces trois jours de voile, de performance et de convivialit\u00e9 au CVE !<\/p>\n\n\n\n<p class=\"wp-block-paragraph\">Merci \u00e0 nos photographes ! Schampu \/ Thierry \/ @BW \/ Marie<\/p>\n\n\n\n<p class=\"wp-block-paragraph\"><em>Photos libres de droit<\/em><\/p>\n\n\n\n<div class=\"wp-block-buttons is-layout-flex wp-block-buttons-is-layout-flex\">\n<div class=\"wp-block-button\"><a class=\"wp-block-button__link wp-element-button\" href=\"https:\/\/cvestavayer.ch\/fr\/galerie\/?type_0=gallery&amp;album_gallery_id_0=98\">Jeudi<\/a><\/div>\n\n\n\n<div class=\"wp-block-button\"><a class=\"wp-block-button__link wp-element-button\" href=\"https:\/\/cvestavayer.ch\/fr\/galerie\/?type_0=gallery&amp;album_gallery_id_0=95\" target=\"_blank\" rel=\"noreferrer noopener\">Vendredi by Thierry<\/a><\/div>\n\n\n\n<div class=\"wp-block-button\"><a class=\"wp-block-button__link wp-element-button\" href=\"https:\/\/cvestavayer.ch\/fr\/galerie\/?type_0=gallery&amp;album_gallery_id_0=96\" target=\"_blank\" rel=\"noreferrer noopener\">Samedi by BW<\/a><\/div>\n\n\n\n<div class=\"wp-block-button\"><a class=\"wp-block-button__link wp-element-button\" href=\"https:\/\/cvestavayer.ch\/fr\/galerie\/?type_0=gallery&amp;album_gallery_id_0=97\">Dimanche<\/a><\/div>\n<\/div>\n\n\n\n<p class=\"wp-block-paragraph\"><\/p>\n","protected":false},"excerpt":{"rendered":"<p>Trois jours de comp\u00e9tition intenses sur le lac de Neuch\u00e2tel pour cette \u00e9dition 2026 du Championnat Suisse de J\/70 ! Apr\u00e8s une premi\u00e8re journ\u00e9e consacr\u00e9e aux contr\u00f4les de jauge des <a class=\"more-link\" href=\"https:\/\/cvestavayer.ch\/fr\/non-classe\/championnat-suisse-de-j-70-2026\/\">Continuer la lecture &rarr;<\/a><\/p>\n","protected":false},"author":1,"featured_media":0,"comment_status":"closed","ping_status":"closed","sticky":false,"template":"","format":"standard","meta":{"_monsterinsights_skip_tracking":false,"_EventAllDay":false,"_EventTimezone":"","_EventStartDate":"","_EventEndDate":"","_EventStartDateUTC":"","_EventEndDateUTC":"","_EventShowMap":false,"_EventShowMapLink":false,"_EventURL":"","_EventCost":"","_EventCostDescription":"","_EventCurrencySymbol":"","_EventCurrencyCode":"","_EventCurrencyPosition":"","_EventDateTimeSeparator":"","_EventTimeRangeSeparator":"","_EventOrganizerID":[],"_EventVenueID":[],"_OrganizerEmail":"","_OrganizerPhone":"","_OrganizerWebsite":"","_VenueAddress":"","_VenueCity":"","_VenueCountry":"","_VenueProvince":"","_VenueState":"","_VenueZip":"","_VenuePhone":"","_VenueURL":"","_VenueStateProvince":"","_VenueLat":"","_VenueLng":"","_VenueShowMap":false,"_VenueShowMapLink":false,"footnotes":""},"categories":[1],"tags":[],"class_list":["post-47145","post","type-post","status-publish","format-standard","hentry","category-non-classe"],"yoast_head":"<!-- This site is optimized with the Yoast SEO plugin v28.3 - https:\/\/yoast.com\/product\/yoast-seo-wordpress\/ -->\n<title>Championnat Suisse de J\/70 2026 - Cercle de la Voile d&#039;Estavayer<\/title>\n<meta name=\"robots\" content=\"index, follow, max-snippet:-1, max-image-preview:large, max-video-preview:-1\" \/>\n<link rel=\"canonical\" href=\"https:\/\/cvestavayer.ch\/fr\/non-classe\/championnat-suisse-de-j-70-2026\/\" \/>\n<meta property=\"og:locale\" content=\"fr_FR\" \/>\n<meta property=\"og:type\" content=\"article\" \/>\n<meta property=\"og:title\" content=\"Championnat Suisse de J\/70 2026 - Cercle de la Voile d&#039;Estavayer\" \/>\n<meta property=\"og:description\" content=\"Trois jours de comp\u00e9tition intenses sur le lac de Neuch\u00e2tel pour cette \u00e9dition 2026 du Championnat Suisse de J\/70 ! Apr\u00e8s une premi\u00e8re journ\u00e9e consacr\u00e9e aux contr\u00f4les de jauge des Continuer la lecture &rarr;\" \/>\n<meta property=\"og:url\" content=\"https:\/\/cvestavayer.ch\/fr\/non-classe\/championnat-suisse-de-j-70-2026\/\" \/>\n<meta property=\"og:site_name\" content=\"Cercle de la Voile d&#039;Estavayer\" \/>\n<meta property=\"article:published_time\" content=\"2026-08-31T19:45:15+00:00\" \/>\n<meta property=\"article:modified_time\" content=\"2026-09-01T05:16:13+00:00\" \/>\n<meta property=\"og:image\" content=\"https:\/\/cvestavayer.ch\/wp-content\/uploads\/2026\/08\/CSJ70-off-019-3-1024x683.jpg\" \/>\n<meta name=\"author\" content=\"webmaster\" \/>\n<meta name=\"twitter:card\" content=\"summary_large_image\" \/>\n<meta name=\"twitter:label1\" content=\"\u00c9crit par\" \/>\n\t<meta name=\"twitter:data1\" content=\"webmaster\" \/>\n\t<meta name=\"twitter:label2\" content=\"Dur\u00e9e de lecture estim\u00e9e\" \/>\n\t<meta name=\"twitter:data2\" content=\"2 minutes\" \/>\n<script type=\"application\/ld+json\" class=\"yoast-schema-graph\">{\"@context\":\"https:\\\/\\\/schema.org\",\"@graph\":[{\"@type\":\"Article\",\"@id\":\"https:\\\/\\\/cvestavayer.ch\\\/fr\\\/non-classe\\\/championnat-suisse-de-j-70-2026\\\/#article\",\"isPartOf\":{\"@id\":\"https:\\\/\\\/cvestavayer.ch\\\/fr\\\/non-classe\\\/championnat-suisse-de-j-70-2026\\\/\"},\"author\":{\"name\":\"webmaster\",\"@id\":\"https:\\\/\\\/cvestavayer.ch\\\/fr\\\/#\\\/schema\\\/person\\\/0fbe121053d8cbd979586da27427330f\"},\"headline\":\"Championnat Suisse de J\\\/70 2026\",\"datePublished\":\"2026-08-31T19:45:15+00:00\",\"dateModified\":\"2026-09-01T05:16:13+00:00\",\"mainEntityOfPage\":{\"@id\":\"https:\\\/\\\/cvestavayer.ch\\\/fr\\\/non-classe\\\/championnat-suisse-de-j-70-2026\\\/\"},\"wordCount\":225,\"image\":{\"@id\":\"https:\\\/\\\/cvestavayer.ch\\\/fr\\\/non-classe\\\/championnat-suisse-de-j-70-2026\\\/#primaryimage\"},\"thumbnailUrl\":\"https:\\\/\\\/cvestavayer.ch\\\/wp-content\\\/uploads\\\/2026\\\/08\\\/CSJ70-off-019-3-1024x683.jpg\",\"inLanguage\":\"fr-FR\"},{\"@type\":\"WebPage\",\"@id\":\"https:\\\/\\\/cvestavayer.ch\\\/fr\\\/non-classe\\\/championnat-suisse-de-j-70-2026\\\/\",\"url\":\"https:\\\/\\\/cvestavayer.ch\\\/fr\\\/non-classe\\\/championnat-suisse-de-j-70-2026\\\/\",\"name\":\"Championnat Suisse de J\\\/70 2026 - Cercle de la Voile d&#039;Estavayer\",\"isPartOf\":{\"@id\":\"https:\\\/\\\/cvestavayer.ch\\\/fr\\\/#website\"},\"primaryImageOfPage\":{\"@id\":\"https:\\\/\\\/cvestavayer.ch\\\/fr\\\/non-classe\\\/championnat-suisse-de-j-70-2026\\\/#primaryimage\"},\"image\":{\"@id\":\"https:\\\/\\\/cvestavayer.ch\\\/fr\\\/non-classe\\\/championnat-suisse-de-j-70-2026\\\/#primaryimage\"},\"thumbnailUrl\":\"https:\\\/\\\/cvestavayer.ch\\\/wp-content\\\/uploads\\\/2026\\\/08\\\/CSJ70-off-019-3-1024x683.jpg\",\"datePublished\":\"2026-08-31T19:45:15+00:00\",\"dateModified\":\"2026-09-01T05:16:13+00:00\",\"author\":{\"@id\":\"https:\\\/\\\/cvestavayer.ch\\\/fr\\\/#\\\/schema\\\/person\\\/0fbe121053d8cbd979586da27427330f\"},\"breadcrumb\":{\"@id\":\"https:\\\/\\\/cvestavayer.ch\\\/fr\\\/non-classe\\\/championnat-suisse-de-j-70-2026\\\/#breadcrumb\"},\"inLanguage\":\"fr-FR\",\"potentialAction\":[{\"@type\":\"ReadAction\",\"target\":[\"https:\\\/\\\/cvestavayer.ch\\\/fr\\\/non-classe\\\/championnat-suisse-de-j-70-2026\\\/\"]}]},{\"@type\":\"ImageObject\",\"inLanguage\":\"fr-FR\",\"@id\":\"https:\\\/\\\/cvestavayer.ch\\\/fr\\\/non-classe\\\/championnat-suisse-de-j-70-2026\\\/#primaryimage\",\"url\":\"https:\\\/\\\/cvestavayer.ch\\\/wp-content\\\/uploads\\\/2026\\\/08\\\/CSJ70-off-019-3-1024x683.jpg\",\"contentUrl\":\"https:\\\/\\\/cvestavayer.ch\\\/wp-content\\\/uploads\\\/2026\\\/08\\\/CSJ70-off-019-3-1024x683.jpg\"},{\"@type\":\"BreadcrumbList\",\"@id\":\"https:\\\/\\\/cvestavayer.ch\\\/fr\\\/non-classe\\\/championnat-suisse-de-j-70-2026\\\/#breadcrumb\",\"itemListElement\":[{\"@type\":\"ListItem\",\"position\":1,\"name\":\"Accueil\",\"item\":\"https:\\\/\\\/cvestavayer.ch\\\/fr\\\/\"},{\"@type\":\"ListItem\",\"position\":2,\"name\":\"Championnat Suisse de J\\\/70 2026\"}]},{\"@type\":\"WebSite\",\"@id\":\"https:\\\/\\\/cvestavayer.ch\\\/fr\\\/#website\",\"url\":\"https:\\\/\\\/cvestavayer.ch\\\/fr\\\/\",\"name\":\"Cercle de la Voile d&#039;Estavayer\",\"description\":\"\",\"potentialAction\":[{\"@type\":\"SearchAction\",\"target\":{\"@type\":\"EntryPoint\",\"urlTemplate\":\"https:\\\/\\\/cvestavayer.ch\\\/fr\\\/?s={search_term_string}\"},\"query-input\":{\"@type\":\"PropertyValueSpecification\",\"valueRequired\":true,\"valueName\":\"search_term_string\"}}],\"inLanguage\":\"fr-FR\"},{\"@type\":\"Person\",\"@id\":\"https:\\\/\\\/cvestavayer.ch\\\/fr\\\/#\\\/schema\\\/person\\\/0fbe121053d8cbd979586da27427330f\",\"name\":\"webmaster\",\"image\":{\"@type\":\"ImageObject\",\"inLanguage\":\"fr-FR\",\"@id\":\"https:\\\/\\\/secure.gravatar.com\\\/avatar\\\/d8ae7927bf2e3bf19830e0b07caaaed87eb0fe36dfbf593e39e34e846957107a?s=96&d=mm&r=g\",\"url\":\"https:\\\/\\\/secure.gravatar.com\\\/avatar\\\/d8ae7927bf2e3bf19830e0b07caaaed87eb0fe36dfbf593e39e34e846957107a?s=96&d=mm&r=g\",\"contentUrl\":\"https:\\\/\\\/secure.gravatar.com\\\/avatar\\\/d8ae7927bf2e3bf19830e0b07caaaed87eb0fe36dfbf593e39e34e846957107a?s=96&d=mm&r=g\",\"caption\":\"webmaster\"},\"url\":\"https:\\\/\\\/cvestavayer.ch\\\/fr\\\/author\\\/dmcve_20\\\/\"}]}<\/script>\n<!-- \/ Yoast SEO plugin. -->","yoast_head_json":{"title":"Championnat Suisse de J\/70 2026 - Cercle de la Voile d&#039;Estavayer","robots":{"index":"index","follow":"follow","max-snippet":"max-snippet:-1","max-image-preview":"max-image-preview:large","max-video-preview":"max-video-preview:-1"},"canonical":"https:\/\/cvestavayer.ch\/fr\/non-classe\/championnat-suisse-de-j-70-2026\/","og_locale":"fr_FR","og_type":"article","og_title":"Championnat Suisse de J\/70 2026 - Cercle de la Voile d&#039;Estavayer","og_description":"Trois jours de comp\u00e9tition intenses sur le lac de Neuch\u00e2tel pour cette \u00e9dition 2026 du Championnat Suisse de J\/70 ! Apr\u00e8s une premi\u00e8re journ\u00e9e consacr\u00e9e aux contr\u00f4les de jauge des Continuer la lecture &rarr;","og_url":"https:\/\/cvestavayer.ch\/fr\/non-classe\/championnat-suisse-de-j-70-2026\/","og_site_name":"Cercle de la Voile d&#039;Estavayer","article_published_time":"2026-08-31T19:45:15+00:00","article_modified_time":"2026-09-01T05:16:13+00:00","og_image":[{"url":"https:\/\/cvestavayer.ch\/wp-content\/uploads\/2026\/08\/CSJ70-off-019-3-1024x683.jpg","type":"","width":"","height":""}],"author":"webmaster","twitter_card":"summary_large_image","twitter_misc":{"\u00c9crit par":"webmaster","Dur\u00e9e de lecture estim\u00e9e":"2 minutes"},"schema":{"@context":"https:\/\/schema.org","@graph":[{"@type":"Article","@id":"https:\/\/cvestavayer.ch\/fr\/non-classe\/championnat-suisse-de-j-70-2026\/#article","isPartOf":{"@id":"https:\/\/cvestavayer.ch\/fr\/non-classe\/championnat-suisse-de-j-70-2026\/"},"author":{"name":"webmaster","@id":"https:\/\/cvestavayer.ch\/fr\/#\/schema\/person\/0fbe121053d8cbd979586da27427330f"},"headline":"Championnat Suisse de J\/70 2026","datePublished":"2026-08-31T19:45:15+00:00","dateModified":"2026-09-01T05:16:13+00:00","mainEntityOfPage":{"@id":"https:\/\/cvestavayer.ch\/fr\/non-classe\/championnat-suisse-de-j-70-2026\/"},"wordCount":225,"image":{"@id":"https:\/\/cvestavayer.ch\/fr\/non-classe\/championnat-suisse-de-j-70-2026\/#primaryimage"},"thumbnailUrl":"https:\/\/cvestavayer.ch\/wp-content\/uploads\/2026\/08\/CSJ70-off-019-3-1024x683.jpg","inLanguage":"fr-FR"},{"@type":"WebPage","@id":"https:\/\/cvestavayer.ch\/fr\/non-classe\/championnat-suisse-de-j-70-2026\/","url":"https:\/\/cvestavayer.ch\/fr\/non-classe\/championnat-suisse-de-j-70-2026\/","name":"Championnat Suisse de J\/70 2026 - Cercle de la Voile d&#039;Estavayer","isPartOf":{"@id":"https:\/\/cvestavayer.ch\/fr\/#website"},"primaryImageOfPage":{"@id":"https:\/\/cvestavayer.ch\/fr\/non-classe\/championnat-suisse-de-j-70-2026\/#primaryimage"},"image":{"@id":"https:\/\/cvestavayer.ch\/fr\/non-classe\/championnat-suisse-de-j-70-2026\/#primaryimage"},"thumbnailUrl":"https:\/\/cvestavayer.ch\/wp-content\/uploads\/2026\/08\/CSJ70-off-019-3-1024x683.jpg","datePublished":"2026-08-31T19:45:15+00:00","dateModified":"2026-09-01T05:16:13+00:00","author":{"@id":"https:\/\/cvestavayer.ch\/fr\/#\/schema\/person\/0fbe121053d8cbd979586da27427330f"},"breadcrumb":{"@id":"https:\/\/cvestavayer.ch\/fr\/non-classe\/championnat-suisse-de-j-70-2026\/#breadcrumb"},"inLanguage":"fr-FR","potentialAction":[{"@type":"ReadAction","target":["https:\/\/cvestavayer.ch\/fr\/non-classe\/championnat-suisse-de-j-70-2026\/"]}]},{"@type":"ImageObject","inLanguage":"fr-FR","@id":"https:\/\/cvestavayer.ch\/fr\/non-classe\/championnat-suisse-de-j-70-2026\/#primaryimage","url":"https:\/\/cvestavayer.ch\/wp-content\/uploads\/2026\/08\/CSJ70-off-019-3-1024x683.jpg","contentUrl":"https:\/\/cvestavayer.ch\/wp-content\/uploads\/2026\/08\/CSJ70-off-019-3-1024x683.jpg"},{"@type":"BreadcrumbList","@id":"https:\/\/cvestavayer.ch\/fr\/non-classe\/championnat-suisse-de-j-70-2026\/#breadcrumb","itemListElement":[{"@type":"ListItem","position":1,"name":"Accueil","item":"https:\/\/cvestavayer.ch\/fr\/"},{"@type":"ListItem","position":2,"name":"Championnat Suisse de J\/70 2026"}]},{"@type":"WebSite","@id":"https:\/\/cvestavayer.ch\/fr\/#website","url":"https:\/\/cvestavayer.ch\/fr\/","name":"Cercle de la Voile d&#039;Estavayer","description":"","potentialAction":[{"@type":"SearchAction","target":{"@type":"EntryPoint","urlTemplate":"https:\/\/cvestavayer.ch\/fr\/?s={search_term_string}"},"query-input":{"@type":"PropertyValueSpecification","valueRequired":true,"valueName":"search_term_string"}}],"inLanguage":"fr-FR"},{"@type":"Person","@id":"https:\/\/cvestavayer.ch\/fr\/#\/schema\/person\/0fbe121053d8cbd979586da27427330f","name":"webmaster","image":{"@type":"ImageObject","inLanguage":"fr-FR","@id":"https:\/\/secure.gravatar.com\/avatar\/d8ae7927bf2e3bf19830e0b07caaaed87eb0fe36dfbf593e39e34e846957107a?s=96&d=mm&r=g","url":"https:\/\/secure.gravatar.com\/avatar\/d8ae7927bf2e3bf19830e0b07caaaed87eb0fe36dfbf593e39e34e846957107a?s=96&d=mm&r=g","contentUrl":"https:\/\/secure.gravatar.com\/avatar\/d8ae7927bf2e3bf19830e0b07caaaed87eb0fe36dfbf593e39e34e846957107a?s=96&d=mm&r=g","caption":"webmaster"},"url":"https:\/\/cvestavayer.ch\/fr\/author\/dmcve_20\/"}]}},"_links":{"self":[{"href":"https:\/\/cvestavayer.ch\/fr\/wp-json\/wp\/v2\/posts\/47145","targetHints":{"allow":["GET"]}}],"collection":[{"href":"https:\/\/cvestavayer.ch\/fr\/wp-json\/wp\/v2\/posts"}],"about":[{"href":"https:\/\/cvestavayer.ch\/fr\/wp-json\/wp\/v2\/types\/post"}],"author":[{"embeddable":true,"href":"https:\/\/cvestavayer.ch\/fr\/wp-json\/wp\/v2\/users\/1"}],"replies":[{"embeddable":true,"href":"https:\/\/cvestavayer.ch\/fr\/wp-json\/wp\/v2\/comments?post=47145"}],"version-history":[{"count":11,"href":"https:\/\/cvestavayer.ch\/fr\/wp-json\/wp\/v2\/posts\/47145\/revisions"}],"predecessor-version":[{"id":47166,"href":"https:\/\/cvestavayer.ch\/fr\/wp-json\/wp\/v2\/posts\/47145\/revisions\/47166"}],"wp:attachment":[{"href":"https:\/\/cvestavayer.ch\/fr\/wp-json\/wp\/v2\/media?parent=47145"}],"wp:term":[{"taxonomy":"category","embeddable":true,"href":"https:\/\/cvestavayer.ch\/fr\/wp-json\/wp\/v2\/categories?post=47145"},{"taxonomy":"post_tag","embeddable":true,"href":"https:\/\/cvestavayer.ch\/fr\/wp-json\/wp\/v2\/tags?post=47145"}],"curies":[{"name":"wp","href":"https:\/\/api.w.org\/{rel}","templated":true}]}}